{"id":295,"date":"2023-03-23T13:43:22","date_gmt":"2023-03-23T12:43:22","guid":{"rendered":"https:\/\/latifproject.eu\/?p=295"},"modified":"2023-03-28T11:59:10","modified_gmt":"2023-03-28T10:59:10","slug":"simeon-yates","status":"publish","type":"post","link":"https:\/\/latifproject.eu\/it\/people\/simeon-yates\/","title":{"rendered":"Simeon Yates"},"content":{"rendered":"<p>Simeon \u00e8 Professore di Cultura Digitale nel Dipartimento di Comunicazioni e Media dell'Universit\u00e0 di Liverpool e Co-Direttore dell'Istituto di Ricerca sui Media Digitali e sulla Societ\u00e0. Ha condotto ricerche sugli impatti sociali, politici e culturali dei media digitali per oltre tre decenni. Un focus importante \u00e8 sui progetti che affrontano questioni di inclusione ed esclusione digitale. Attualmente lavora con colleghi accademici e governativi per sviluppare politiche e interventi a sostegno dell'inclusione digitale. Questo include la collaborazione con il Dipartimento Digitale, Cultura, Media e Sport del Regno Unito (DCMS), il regolatore dei media del Regno Unito Ofcom e il governo gallese, cos\u00ec come organizzazioni benefiche come la Good Things Foundation, Cwmpas in Wales e SCVO in Scozia.<\/p>","protected":false},"excerpt":{"rendered":"<p>Simeon is the Professor of Digital Culture in the Department of Communications and Media at the University of Liverpool and Joint Director of the Digital Media and Society Research Institute. He has undertaken research on the social, political and cultural impacts of digital media for over three decades. A major focus is on projects that [&hellip;]<\/p>","protected":false},"author":7,"featured_media":249,"comment_status":"open","ping_status":"open","sticky":false,"template":"","format":"standard","meta":[],"categories":[14],"tags":[],"yoast_head":"<!-- This site is optimized with the Yoast SEO plugin v20.4 - https:\/\/yoast.com\/wordpress\/plugins\/seo\/ -->\n<title>Simeon Yates - LATIF<\/title>\n<meta name=\"robots\" content=\"index, follow, max-snippet:-1, max-image-preview:large, max-video-preview:-1\" \/>\n<link rel=\"canonical\" href=\"https:\/\/latifproject.eu\/it\/people\/simeon-yates\/\" \/>\n<meta property=\"og:locale\" content=\"it_IT\" \/>\n<meta property=\"og:type\" content=\"article\" \/>\n<meta property=\"og:title\" content=\"Simeon Yates - LATIF\" \/>\n<meta property=\"og:description\" content=\"Simeon is the Professor of Digital Culture in the Department of Communications and Media at the University of Liverpool and Joint Director of the Digital Media and Society Research Institute. He has undertaken research on the social, political and cultural impacts of digital media for over three decades. A major focus is on projects that [&hellip;]\" \/>\n<meta property=\"og:url\" content=\"https:\/\/latifproject.eu\/it\/people\/simeon-yates\/\" \/>\n<meta property=\"og:site_name\" content=\"LATIF\" \/>\n<meta property=\"article:published_time\" content=\"2023-03-23T12:43:22+00:00\" \/>\n<meta property=\"article:modified_time\" content=\"2023-03-28T10:59:10+00:00\" \/>\n<meta property=\"og:image\" content=\"https:\/\/latifproject.eu\/wp-content\/uploads\/2023\/03\/simon.png\" \/>\n\t<meta property=\"og:image:width\" content=\"400\" \/>\n\t<meta property=\"og:image:height\" content=\"400\" \/>\n\t<meta property=\"og:image:type\" content=\"image\/png\" \/>\n<meta name=\"author\" content=\"Latif Project\" \/>\n<meta name=\"twitter:card\" content=\"summary_large_image\" \/>\n<meta name=\"twitter:label1\" content=\"Written by\" \/>\n\t<meta name=\"twitter:data1\" content=\"Latif Project\" \/>\n\t<meta name=\"twitter:label2\" content=\"Est. reading time\" \/>\n\t<meta name=\"twitter:data2\" content=\"1 minuto\" \/>\n<script type=\"application\/ld+json\" class=\"yoast-schema-graph\">{\"@context\":\"https:\/\/schema.org\",\"@graph\":[{\"@type\":\"WebPage\",\"@id\":\"https:\/\/latifproject.eu\/people\/simeon-yates\/\",\"url\":\"https:\/\/latifproject.eu\/people\/simeon-yates\/\",\"name\":\"Simeon Yates - LATIF\",\"isPartOf\":{\"@id\":\"https:\/\/latifproject.eu\/#website\"},\"datePublished\":\"2023-03-23T12:43:22+00:00\",\"dateModified\":\"2023-03-28T10:59:10+00:00\",\"author\":{\"@id\":\"https:\/\/latifproject.eu\/#\/schema\/person\/309a696e57c2a1ae7eb2d5796c8bc369\"},\"breadcrumb\":{\"@id\":\"https:\/\/latifproject.eu\/people\/simeon-yates\/#breadcrumb\"},\"inLanguage\":\"it-IT\",\"potentialAction\":[{\"@type\":\"ReadAction\",\"target\":[\"https:\/\/latifproject.eu\/people\/simeon-yates\/\"]}]},{\"@type\":\"BreadcrumbList\",\"@id\":\"https:\/\/latifproject.eu\/people\/simeon-yates\/#breadcrumb\",\"itemListElement\":[{\"@type\":\"ListItem\",\"position\":1,\"name\":\"Home\",\"item\":\"https:\/\/latifproject.eu\/\"},{\"@type\":\"ListItem\",\"position\":2,\"name\":\"Simeon Yates\"}]},{\"@type\":\"WebSite\",\"@id\":\"https:\/\/latifproject.eu\/#website\",\"url\":\"https:\/\/latifproject.eu\/\",\"name\":\"LATIF Project\",\"description\":\"Latif Project\",\"potentialAction\":[{\"@type\":\"SearchAction\",\"target\":{\"@type\":\"EntryPoint\",\"urlTemplate\":\"https:\/\/latifproject.eu\/?s={search_term_string}\"},\"query-input\":\"required name=search_term_string\"}],\"inLanguage\":\"it-IT\"},{\"@type\":\"Person\",\"@id\":\"https:\/\/latifproject.eu\/#\/schema\/person\/309a696e57c2a1ae7eb2d5796c8bc369\",\"name\":\"Latif Project\",\"image\":{\"@type\":\"ImageObject\",\"inLanguage\":\"it-IT\",\"@id\":\"https:\/\/latifproject.eu\/#\/schema\/person\/image\/\",\"url\":\"https:\/\/latifproject.eu\/wp-content\/uploads\/2023\/03\/latif-favi.jpg\",\"contentUrl\":\"https:\/\/latifproject.eu\/wp-content\/uploads\/2023\/03\/latif-favi.jpg\",\"caption\":\"Latif Project\"},\"url\":\"https:\/\/latifproject.eu\/it\/author\/latif\/\"}]}<\/script>\n<!-- \/ Yoast SEO plugin. -->","yoast_head_json":{"title":"Simeon Yates - LATIF","robots":{"index":"index","follow":"follow","max-snippet":"max-snippet:-1","max-image-preview":"max-image-preview:large","max-video-preview":"max-video-preview:-1"},"canonical":"https:\/\/latifproject.eu\/it\/people\/simeon-yates\/","og_locale":"it_IT","og_type":"article","og_title":"Simeon Yates - LATIF","og_description":"Simeon is the Professor of Digital Culture in the Department of Communications and Media at the University of Liverpool and Joint Director of the Digital Media and Society Research Institute. He has undertaken research on the social, political and cultural impacts of digital media for over three decades. A major focus is on projects that [&hellip;]","og_url":"https:\/\/latifproject.eu\/it\/people\/simeon-yates\/","og_site_name":"LATIF","article_published_time":"2023-03-23T12:43:22+00:00","article_modified_time":"2023-03-28T10:59:10+00:00","og_image":[{"width":400,"height":400,"url":"https:\/\/latifproject.eu\/wp-content\/uploads\/2023\/03\/simon.png","type":"image\/png"}],"author":"Latif Project","twitter_card":"summary_large_image","twitter_misc":{"Written by":"Latif Project","Est. reading time":"1 minuto"},"schema":{"@context":"https:\/\/schema.org","@graph":[{"@type":"WebPage","@id":"https:\/\/latifproject.eu\/people\/simeon-yates\/","url":"https:\/\/latifproject.eu\/people\/simeon-yates\/","name":"Simeon Yates - LATIF","isPartOf":{"@id":"https:\/\/latifproject.eu\/#website"},"datePublished":"2023-03-23T12:43:22+00:00","dateModified":"2023-03-28T10:59:10+00:00","author":{"@id":"https:\/\/latifproject.eu\/#\/schema\/person\/309a696e57c2a1ae7eb2d5796c8bc369"},"breadcrumb":{"@id":"https:\/\/latifproject.eu\/people\/simeon-yates\/#breadcrumb"},"inLanguage":"it-IT","potentialAction":[{"@type":"ReadAction","target":["https:\/\/latifproject.eu\/people\/simeon-yates\/"]}]},{"@type":"BreadcrumbList","@id":"https:\/\/latifproject.eu\/people\/simeon-yates\/#breadcrumb","itemListElement":[{"@type":"ListItem","position":1,"name":"Home","item":"https:\/\/latifproject.eu\/"},{"@type":"ListItem","position":2,"name":"Simeon Yates"}]},{"@type":"WebSite","@id":"https:\/\/latifproject.eu\/#website","url":"https:\/\/latifproject.eu\/","name":"LATIF Project","description":"Latif Project","potentialAction":[{"@type":"SearchAction","target":{"@type":"EntryPoint","urlTemplate":"https:\/\/latifproject.eu\/?s={search_term_string}"},"query-input":"required name=search_term_string"}],"inLanguage":"it-IT"},{"@type":"Person","@id":"https:\/\/latifproject.eu\/#\/schema\/person\/309a696e57c2a1ae7eb2d5796c8bc369","name":"Latif Project","image":{"@type":"ImageObject","inLanguage":"it-IT","@id":"https:\/\/latifproject.eu\/#\/schema\/person\/image\/","url":"https:\/\/latifproject.eu\/wp-content\/uploads\/2023\/03\/latif-favi.jpg","contentUrl":"https:\/\/latifproject.eu\/wp-content\/uploads\/2023\/03\/latif-favi.jpg","caption":"Latif Project"},"url":"https:\/\/latifproject.eu\/it\/author\/latif\/"}]}},"jetpack_featured_media_url":"https:\/\/latifproject.eu\/wp-content\/uploads\/2023\/03\/simon.png","_links":{"self":[{"href":"https:\/\/latifproject.eu\/it\/wp-json\/wp\/v2\/posts\/295"}],"collection":[{"href":"https:\/\/latifproject.eu\/it\/wp-json\/wp\/v2\/posts"}],"about":[{"href":"https:\/\/latifproject.eu\/it\/wp-json\/wp\/v2\/types\/post"}],"author":[{"embeddable":true,"href":"https:\/\/latifproject.eu\/it\/wp-json\/wp\/v2\/users\/7"}],"replies":[{"embeddable":true,"href":"https:\/\/latifproject.eu\/it\/wp-json\/wp\/v2\/comments?post=295"}],"version-history":[{"count":1,"href":"https:\/\/latifproject.eu\/it\/wp-json\/wp\/v2\/posts\/295\/revisions"}],"predecessor-version":[{"id":296,"href":"https:\/\/latifproject.eu\/it\/wp-json\/wp\/v2\/posts\/295\/revisions\/296"}],"wp:featuredmedia":[{"embeddable":true,"href":"https:\/\/latifproject.eu\/it\/wp-json\/wp\/v2\/media\/249"}],"wp:attachment":[{"href":"https:\/\/latifproject.eu\/it\/wp-json\/wp\/v2\/media?parent=295"}],"wp:term":[{"taxonomy":"category","embeddable":true,"href":"https:\/\/latifproject.eu\/it\/wp-json\/wp\/v2\/categories?post=295"},{"taxonomy":"post_tag","embeddable":true,"href":"https:\/\/latifproject.eu\/it\/wp-json\/wp\/v2\/tags?post=295"}],"curies":[{"name":"wp","href":"https:\/\/api.w.org\/{rel}","templated":true}]}}